{"id":2100,"date":"2024-04-02T17:50:44","date_gmt":"2024-04-02T15:50:44","guid":{"rendered":"https:\/\/www.vallformosa.com\/sant-jordi-extraordinario\/"},"modified":"2024-11-05T09:24:17","modified_gmt":"2024-11-05T08:24:17","slug":"sant-jordi-extraordinari","status":"publish","type":"post","link":"https:\/\/www.vallformosa.com\/ca\/actualitat\/sant-jordi-extraordinari\/","title":{"rendered":"Col\u00b7laboraci\u00f3 especial Vallformosa&#038;Colvin per Sant Jordi!"},"content":{"rendered":"<div class=\"wpb-content-wrapper\"><p>[vc_row full_width=&#8221;stretch_row_content_no_spaces&#8221; el_class=&#8221;delete-capa-texto&#8221;][vc_column]<div class='header-background-image header-background-image-3954918' style='background-image: url(https:\/\/www.vallformosa.com\/wp-content\/uploads\/2024\/04\/pixelcut-export-8-1.jpeg);'><div class='header-section'><h1 class='header-title color-light'><\/h1><a href=\"#down\" id=\"down\" class=\"boton-header\"><svg fill=\"var(--primary-color-light)\" xmlns=\"https:\/\/www.w3.org\/2000\/svg\" xmlns:xlink=\"https:\/\/www.w3.org\/1999\/xlink\" width=\"6vh\" height=\"6vh\" viewBox=\"0 0 43 43\">\n                    <defs>\n                        <clipPath id=\"clip-path\">\n                        <rect id=\"Rect\u00e1ngulo_1520\" data-name=\"Rect\u00e1ngulo 1520\" width=\"43\" height=\"43\" transform=\"translate(0 0)\"\/>\n                        <\/clipPath>\n                    <\/defs>\n                    <g id=\"Grupo_4763\" data-name=\"Grupo 4763\" transform=\"translate(43) rotate(90)\" clip-path=\"url(#clip-path)\">\n                        <path id=\"Trazado_2738\" data-name=\"Trazado 2738\" d=\"M21.371,42.742A21.371,21.371,0,1,1,42.744,21.369,21.395,21.395,0,0,1,21.371,42.742m0-41.3A19.925,19.925,0,1,0,41.3,21.369,19.947,19.947,0,0,0,21.371,1.446\" transform=\"translate(0.259 0.173)\"\/>\n                        <path id=\"Trazado_2739\" data-name=\"Trazado 2739\" d=\"M10.549,26.013,22.317,14.241H0V12.793H22.319L10.549,1.022,11.571,0,25.087,13.517,11.571,27.035Zm12.387-12.6v.211l.106-.1Z\" transform=\"translate(9.285 8.027)\"\/>\n                    <\/g>\n                    <\/svg><\/a><\/div><\/div>[\/vc_column][\/vc_row][vc_row full_width=&#8221;stretch_row_content_no_spaces&#8221; css=&#8221;.vc_custom_1730203476798{background-color: #fffaee !important;}&#8221; el_class=&#8221;width-meddium-title-text2 width-max-desktop-2&#8243;][vc_column]<div class='spacer display-none-mobile' style='height: 5vh;'><\/div><div class='spacer display-none-desktop' style='height: 35px;'><\/div>[vc_wp_text]<\/p>\n<p class=\"title-title\" style=\"text-align: center; line-height: 1 !important;\">Aquest any, viu un Sant Jordi Extraordinari!<\/p>\n<p>[\/vc_wp_text]<div class='spacer display-none-mobile' style='height: 4vh;'><\/div><div class='spacer display-none-desktop' style='height: 20px;'><\/div>[vc_row_inner el_class=&#8221;two-sections-grid&#8221;][vc_column_inner width=&#8221;1\/2&#8243;][vc_wp_text]<\/p>\n<p style=\"text-align: left;\">Promoci\u00f3 especial a la nostra web: per cada compra, et regalem un descompte per comprar les teves flors preferides per Sant Jordi a Colvin.<\/p>\n<p>&nbsp;<\/p>\n<p style=\"text-align: left;\"><strong>Com funciona la promoci\u00f3?<\/strong><\/p>\n<p>&nbsp;<\/p>\n<p style=\"text-align: left;\">Compra m\u00ednim un producte de qualsevol de les nostres marques: Mistinguett, Gala, Cultivare, Frey\u00e9, 150, Origen, Bluefin, 0,0 Sin Alcohol o Cap de Pera i t\u2019enviarem un correu electr\u00f2nic amb un codi de 15% de descompte per gastar a la web de Colvin i poder tenir les roses que m\u00e9s t\u2019agradin per aquest Sant Jordi!<\/p>\n<p>&nbsp;<\/p>\n<p style=\"text-align: left;\">Aquest codi estar\u00e0 disponible per a compres fetes entre el 2 i el 19 d\u2019abril.<\/p>\n<p>[\/vc_wp_text][\/vc_column_inner][vc_column_inner width=&#8221;1\/2&#8243;][vc_wp_text]<\/p>\n<p style=\"text-align: left;\"><strong>Quines flors puc comprar?<\/strong><\/p>\n<p>&nbsp;<\/p>\n<p style=\"text-align: left;\">Colvin \u00e9s la floristeria online on pots trobar les flors de temporada i mil i una combinacions entreplantes i flors que enamoren! A Colvin trobar\u00e0s la rosa perfecta pel dia de Sant Jordi!<\/p>\n<p>&nbsp;<\/p>\n<p style=\"text-align: left;\">El codi que t\u2019enviarem per correu electr\u00f2nic ser\u00e0 v\u00e0lid per a compres fetes entre 16 i el 22 d\u2019abril.<\/p>\n<p>&nbsp;<\/p>\n<p style=\"text-align: left;\"><strong>Nota important:<\/strong> en fer una compra entre els dies 2 i 19 d\u2019abril de 2024 acceptes rebre un mail de Vallformosa per obtenir el codi descompte per a la web de Colvin. Si no est\u00e0s subscrit a la nostra newsletter, no rebr\u00e0s cap altra comunicaci\u00f3 a trav\u00e9s d\u2019aquest canal.<\/p>\n<p>&nbsp;<\/p>\n<p style=\"text-align: left;\"><strong>Aquest 23 d\u2019abril celebra\u2019l entre roses, vi i cava!<\/strong><\/p>\n<p>[\/vc_wp_text][\/vc_column_inner][\/vc_row_inner]<div class='spacer display-none-mobile' style='height: 5vh;'><\/div><div class='spacer display-none-desktop' style='height: 35px;'><\/div>[\/vc_column][\/vc_row][vc_row full_width=&#8221;stretch_row&#8221; css=&#8221;.vc_custom_1729068230003{background-color: #fffaee !important;}&#8221;][vc_column]<div class='spacer display-none-mobile' style='height: 5vh;'><\/div><div class='spacer display-none-desktop' style='height: 35px;'><\/div>[vc_wp_text]<\/p>\n<p class=\"title-display-big\" style=\"text-align: center;\">L&#8217;\u00faltim al Blog<\/p>\n<p>[\/vc_wp_text]<div class='spacer display-none-mobile' style='height: 5vh;'><\/div><div class='spacer display-none-desktop' style='height: 35px;'><\/div>[\/vc_column][\/vc_row][vc_row full_width=&#8221;stretch_row_content_no_spaces&#8221;][vc_column]<div class=\"slick-carousel slick-post-carousel\"><div class=\"blog-card post-background-1\"><div class=\"blog-card-image\"><a href=\"https:\/\/www.vallformosa.com\/ca\/actualidad\/mejor-bodega-premis-vinari-2025\/\"  title=\"PREMIS VINARI 2025\"><img loading=\"lazy\" decoding=\"async\" width=\"1802\" height=\"1132\" src=\"https:\/\/www.vallformosa.com\/wp-content\/uploads\/2025\/10\/article_web_PremisVinari2025__MILLOR-BODEGA_CAT-3.jpg\" class=\"attachment-full size-full wp-post-image\" alt=\"Premi Vinari Millor Celler 2025\" srcset=\"https:\/\/www.vallformosa.com\/wp-content\/uploads\/2025\/10\/article_web_PremisVinari2025__MILLOR-BODEGA_CAT-3.jpg 1802w, https:\/\/www.vallformosa.com\/wp-content\/uploads\/2025\/10\/article_web_PremisVinari2025__MILLOR-BODEGA_CAT-3-300x188.jpg 300w, https:\/\/www.vallformosa.com\/wp-content\/uploads\/2025\/10\/article_web_PremisVinari2025__MILLOR-BODEGA_CAT-3-1024x643.jpg 1024w, https:\/\/www.vallformosa.com\/wp-content\/uploads\/2025\/10\/article_web_PremisVinari2025__MILLOR-BODEGA_CAT-3-768x482.jpg 768w, https:\/\/www.vallformosa.com\/wp-content\/uploads\/2025\/10\/article_web_PremisVinari2025__MILLOR-BODEGA_CAT-3-1536x965.jpg 1536w, https:\/\/www.vallformosa.com\/wp-content\/uploads\/2025\/10\/article_web_PremisVinari2025__MILLOR-BODEGA_CAT-3-600x377.jpg 600w\" sizes=\"auto, (max-width: 1802px) 100vw, 1802px\" \/><\/a><\/div><div class=\"blog-card-recomend\"><span class=\"blog-date\" style=\"color:;\"><a href=\"https:\/\/www.vallformosa.com\/ca\/actualidad\/mejor-bodega-premis-vinari-2025\/\" title=\"PREMIS VINARI 2025\">octubre 16, 2025<\/a><\/span><h3 class=\"blog-title\" style=\"color:;\"><a href=\"https:\/\/www.vallformosa.com\/ca\/actualidad\/mejor-bodega-premis-vinari-2025\/\" style=\"color:;\"  title=\"PREMIS VINARI 2025\">PREMIS VINARI 2025<\/a><\/h3><p class=\"blog-excerpt\"><a href=\"https:\/\/www.vallformosa.com\/ca\/actualidad\/mejor-bodega-premis-vinari-2025\/\" title=\"PREMIS VINARI 2025\">Amb un total de 13 medalles, el divendres 3 d\u2019octubre, a la gala dels Premis Vinari, a Vallformosa vam ser proclamats \u201cMillor Celler 2025\u201d Els Premis Vinari s\u00f3n els guardons anuals que valoren i reconeixen els millors vins catalans. En aquest concurs de tast a cegues de refer\u00e8ncia, en aquesta edici\u00f3, hi han participat m\u00e9s&hellip;<\/a><\/p><a href=\"https:\/\/www.vallformosa.com\/ca\/actualidad\/mejor-bodega-premis-vinari-2025\/\" class=\"button-default button\"  title=\"PREMIS VINARI 2025\">Llegir m\u00e9s<\/a><\/div><\/div><div class=\"blog-card post-background-2\"><div class=\"blog-card-image\"><a href=\"https:\/\/www.vallformosa.com\/ca\/actualitat\/vallformosa-spritz-el-glop-de-l-estiu\/\"  title=\"Vallformosa Spritz: el glop de l&#8217;estiu.\"><img loading=\"lazy\" decoding=\"async\" width=\"1802\" height=\"1133\" src=\"https:\/\/www.vallformosa.com\/wp-content\/uploads\/2025\/08\/article_portada_campanya_Vallformosa_Spritz-1.jpg\" class=\"attachment-full size-full wp-post-image\" alt=\"Vallformosa Spritz\" srcset=\"https:\/\/www.vallformosa.com\/wp-content\/uploads\/2025\/08\/article_portada_campanya_Vallformosa_Spritz-1.jpg 1802w, https:\/\/www.vallformosa.com\/wp-content\/uploads\/2025\/08\/article_portada_campanya_Vallformosa_Spritz-1-300x189.jpg 300w, https:\/\/www.vallformosa.com\/wp-content\/uploads\/2025\/08\/article_portada_campanya_Vallformosa_Spritz-1-1024x644.jpg 1024w, https:\/\/www.vallformosa.com\/wp-content\/uploads\/2025\/08\/article_portada_campanya_Vallformosa_Spritz-1-768x483.jpg 768w, https:\/\/www.vallformosa.com\/wp-content\/uploads\/2025\/08\/article_portada_campanya_Vallformosa_Spritz-1-1536x966.jpg 1536w, https:\/\/www.vallformosa.com\/wp-content\/uploads\/2025\/08\/article_portada_campanya_Vallformosa_Spritz-1-600x377.jpg 600w\" sizes=\"auto, (max-width: 1802px) 100vw, 1802px\" \/><\/a><\/div><div class=\"blog-card-recomend\"><span class=\"blog-date\" style=\"color:;\"><a href=\"https:\/\/www.vallformosa.com\/ca\/actualitat\/vallformosa-spritz-el-glop-de-l-estiu\/\" title=\"Vallformosa Spritz: el glop de l&#8217;estiu.\">agost 28, 2025<\/a><\/span><h3 class=\"blog-title\" style=\"color:;\"><a href=\"https:\/\/www.vallformosa.com\/ca\/actualitat\/vallformosa-spritz-el-glop-de-l-estiu\/\" style=\"color:;\"  title=\"Vallformosa Spritz: el glop de l&#8217;estiu.\">Vallformosa Spritz: el glop de l&#8217;estiu.<\/a><\/h3><p class=\"blog-excerpt\"><a href=\"https:\/\/www.vallformosa.com\/ca\/actualitat\/vallformosa-spritz-el-glop-de-l-estiu\/\" title=\"Vallformosa Spritz: el glop de l&#8217;estiu.\">C\u00f2ctels ja preparats per a servir. La beguda que combina el sabor intens i natural de la fruita amb la frescor i l'eleg\u00e0ncia de les bombolles.<\/a><\/p><a href=\"https:\/\/www.vallformosa.com\/ca\/actualitat\/vallformosa-spritz-el-glop-de-l-estiu\/\" class=\"button-default button\"  title=\"Vallformosa Spritz: el glop de l&#8217;estiu.\">Llegir m\u00e9s<\/a><\/div><\/div><div class=\"blog-card post-background-3\"><div class=\"blog-card-image\"><a href=\"https:\/\/www.vallformosa.com\/ca\/actualitat\/ruleta-premios-vallformosa-classic\/\"  title=\"Torna la Ruleta de premis Vallformosa!\"><img loading=\"lazy\" decoding=\"async\" width=\"1780\" height=\"794\" src=\"https:\/\/www.vallformosa.com\/wp-content\/uploads\/2024\/11\/pixelcut-export-13-1.jpeg\" class=\"attachment-full size-full wp-post-image\" alt=\"\" srcset=\"https:\/\/www.vallformosa.com\/wp-content\/uploads\/2024\/11\/pixelcut-export-13-1.jpeg 1780w, https:\/\/www.vallformosa.com\/wp-content\/uploads\/2024\/11\/pixelcut-export-13-1-300x134.jpeg 300w, https:\/\/www.vallformosa.com\/wp-content\/uploads\/2024\/11\/pixelcut-export-13-1-1024x457.jpeg 1024w, https:\/\/www.vallformosa.com\/wp-content\/uploads\/2024\/11\/pixelcut-export-13-1-768x343.jpeg 768w, https:\/\/www.vallformosa.com\/wp-content\/uploads\/2024\/11\/pixelcut-export-13-1-1536x685.jpeg 1536w, https:\/\/www.vallformosa.com\/wp-content\/uploads\/2024\/11\/pixelcut-export-13-1-600x268.jpeg 600w\" sizes=\"auto, (max-width: 1780px) 100vw, 1780px\" \/><\/a><\/div><div class=\"blog-card-recomend\"><span class=\"blog-date\" style=\"color:;\"><a href=\"https:\/\/www.vallformosa.com\/ca\/actualitat\/ruleta-premios-vallformosa-classic\/\" title=\"Torna la Ruleta de premis Vallformosa!\">juliol 24, 2025<\/a><\/span><h3 class=\"blog-title\" style=\"color:;\"><a href=\"https:\/\/www.vallformosa.com\/ca\/actualitat\/ruleta-premios-vallformosa-classic\/\" style=\"color:;\"  title=\"Torna la Ruleta de premis Vallformosa!\">Torna la Ruleta de premis Vallformosa!<\/a><\/h3><p class=\"blog-excerpt\"><a href=\"https:\/\/www.vallformosa.com\/ca\/actualitat\/ruleta-premios-vallformosa-classic\/\" title=\"Torna la Ruleta de premis Vallformosa!\">Al comprar una botella de Vallformosa Classic tendr\u00e1s la oportunidad de llevarte fant\u00e1sticos premios.<\/a><\/p><a href=\"https:\/\/www.vallformosa.com\/ca\/actualitat\/ruleta-premios-vallformosa-classic\/\" class=\"button-default button\"  title=\"Torna la Ruleta de premis Vallformosa!\">Llegir m\u00e9s<\/a><\/div><\/div><\/div>[\/vc_column][\/vc_row]<\/p>\n<\/div>","protected":false},"excerpt":{"rendered":"<p>Promoci\u00f3 especial a la nostra web: per cada compra, et regalem un descompte per comprar les teves flors preferides per Sant Jordi a Colvin.<\/p>\n","protected":false},"author":4,"featured_media":2706,"comment_status":"open","ping_status":"open","sticky":false,"template":"","format":"standard","meta":{"_acf_changed":false,"footnotes":""},"categories":[55],"tags":[],"class_list":["post-2100","post","type-post","status-publish","format-standard","has-post-thumbnail","hentry","category-vallformosa-ca"],"acf":[],"yoast_head":"<!-- This site is optimized with the Yoast SEO plugin v27.4 - https:\/\/yoast.com\/product\/yoast-seo-wordpress\/ -->\n<title>Col\u00b7laboraci\u00f3 especial Vallformosa&amp;Colvin per Sant Jordi! - Vallformosa<\/title>\n<meta name=\"robots\" content=\"index, follow, max-snippet:-1, max-image-preview:large, max-video-preview:-1\" \/>\n<link rel=\"canonical\" href=\"https:\/\/www.vallformosa.com\/ca\/actualitat\/sant-jordi-extraordinari\/\" \/>\n<meta property=\"og:locale\" content=\"ca_ES\" \/>\n<meta property=\"og:type\" content=\"article\" \/>\n<meta property=\"og:title\" content=\"Col\u00b7laboraci\u00f3 especial Vallformosa&amp;Colvin per Sant Jordi! - Vallformosa\" \/>\n<meta property=\"og:description\" content=\"Promoci\u00f3 especial a la nostra web: per cada compra, et regalem un descompte per comprar les teves flors preferides per Sant Jordi a Colvin.\" \/>\n<meta property=\"og:url\" content=\"https:\/\/www.vallformosa.com\/ca\/actualitat\/sant-jordi-extraordinari\/\" \/>\n<meta property=\"og:site_name\" content=\"Vallformosa\" \/>\n<meta property=\"article:published_time\" content=\"2024-04-02T15:50:44+00:00\" \/>\n<meta property=\"article:modified_time\" content=\"2024-11-05T08:24:17+00:00\" \/>\n<meta property=\"og:image\" content=\"https:\/\/www.vallformosa.com\/wp-content\/uploads\/2024\/04\/pixelcut-export-8-1.jpeg\" \/>\n\t<meta property=\"og:image:width\" content=\"1802\" \/>\n\t<meta property=\"og:image:height\" content=\"1132\" \/>\n\t<meta property=\"og:image:type\" content=\"image\/jpeg\" \/>\n<meta name=\"author\" content=\"berta\" \/>\n<meta name=\"twitter:card\" content=\"summary_large_image\" \/>\n<meta name=\"twitter:label1\" content=\"Escrit per\" \/>\n\t<meta name=\"twitter:data1\" content=\"berta\" \/>\n\t<meta name=\"twitter:label2\" content=\"Temps estimat de lectura\" \/>\n\t<meta name=\"twitter:data2\" content=\"2 minuts\" \/>\n<script type=\"application\/ld+json\" class=\"yoast-schema-graph\">{\"@context\":\"https:\\\/\\\/schema.org\",\"@graph\":[{\"@type\":\"Article\",\"@id\":\"https:\\\/\\\/www.vallformosa.com\\\/ca\\\/actualitat\\\/sant-jordi-extraordinari\\\/#article\",\"isPartOf\":{\"@id\":\"https:\\\/\\\/www.vallformosa.com\\\/ca\\\/actualitat\\\/sant-jordi-extraordinari\\\/\"},\"author\":{\"name\":\"berta\",\"@id\":\"https:\\\/\\\/www.vallformosa.com\\\/ca\\\/#\\\/schema\\\/person\\\/b3b6dc34bba10c4bd52ed2a9b67aaade\"},\"headline\":\"Col\u00b7laboraci\u00f3 especial Vallformosa&#038;Colvin per Sant Jordi!\",\"datePublished\":\"2024-04-02T15:50:44+00:00\",\"dateModified\":\"2024-11-05T08:24:17+00:00\",\"mainEntityOfPage\":{\"@id\":\"https:\\\/\\\/www.vallformosa.com\\\/ca\\\/actualitat\\\/sant-jordi-extraordinari\\\/\"},\"wordCount\":421,\"commentCount\":0,\"image\":{\"@id\":\"https:\\\/\\\/www.vallformosa.com\\\/ca\\\/actualitat\\\/sant-jordi-extraordinari\\\/#primaryimage\"},\"thumbnailUrl\":\"https:\\\/\\\/www.vallformosa.com\\\/wp-content\\\/uploads\\\/2024\\\/04\\\/pixelcut-export-8-1.jpeg\",\"articleSection\":[\"Vallformosa\"],\"inLanguage\":\"ca\",\"potentialAction\":[{\"@type\":\"CommentAction\",\"name\":\"Comment\",\"target\":[\"https:\\\/\\\/www.vallformosa.com\\\/ca\\\/actualitat\\\/sant-jordi-extraordinari\\\/#respond\"]}]},{\"@type\":\"WebPage\",\"@id\":\"https:\\\/\\\/www.vallformosa.com\\\/ca\\\/actualitat\\\/sant-jordi-extraordinari\\\/\",\"url\":\"https:\\\/\\\/www.vallformosa.com\\\/ca\\\/actualitat\\\/sant-jordi-extraordinari\\\/\",\"name\":\"Col\u00b7laboraci\u00f3 especial Vallformosa&Colvin per Sant Jordi! - Vallformosa\",\"isPartOf\":{\"@id\":\"https:\\\/\\\/www.vallformosa.com\\\/ca\\\/#website\"},\"primaryImageOfPage\":{\"@id\":\"https:\\\/\\\/www.vallformosa.com\\\/ca\\\/actualitat\\\/sant-jordi-extraordinari\\\/#primaryimage\"},\"image\":{\"@id\":\"https:\\\/\\\/www.vallformosa.com\\\/ca\\\/actualitat\\\/sant-jordi-extraordinari\\\/#primaryimage\"},\"thumbnailUrl\":\"https:\\\/\\\/www.vallformosa.com\\\/wp-content\\\/uploads\\\/2024\\\/04\\\/pixelcut-export-8-1.jpeg\",\"datePublished\":\"2024-04-02T15:50:44+00:00\",\"dateModified\":\"2024-11-05T08:24:17+00:00\",\"author\":{\"@id\":\"https:\\\/\\\/www.vallformosa.com\\\/ca\\\/#\\\/schema\\\/person\\\/b3b6dc34bba10c4bd52ed2a9b67aaade\"},\"breadcrumb\":{\"@id\":\"https:\\\/\\\/www.vallformosa.com\\\/ca\\\/actualitat\\\/sant-jordi-extraordinari\\\/#breadcrumb\"},\"inLanguage\":\"ca\",\"potentialAction\":[{\"@type\":\"ReadAction\",\"target\":[\"https:\\\/\\\/www.vallformosa.com\\\/ca\\\/actualitat\\\/sant-jordi-extraordinari\\\/\"]}]},{\"@type\":\"ImageObject\",\"inLanguage\":\"ca\",\"@id\":\"https:\\\/\\\/www.vallformosa.com\\\/ca\\\/actualitat\\\/sant-jordi-extraordinari\\\/#primaryimage\",\"url\":\"https:\\\/\\\/www.vallformosa.com\\\/wp-content\\\/uploads\\\/2024\\\/04\\\/pixelcut-export-8-1.jpeg\",\"contentUrl\":\"https:\\\/\\\/www.vallformosa.com\\\/wp-content\\\/uploads\\\/2024\\\/04\\\/pixelcut-export-8-1.jpeg\",\"width\":1802,\"height\":1132,\"caption\":\"Sant Jordi Vallformosa\"},{\"@type\":\"BreadcrumbList\",\"@id\":\"https:\\\/\\\/www.vallformosa.com\\\/ca\\\/actualitat\\\/sant-jordi-extraordinari\\\/#breadcrumb\",\"itemListElement\":[{\"@type\":\"ListItem\",\"position\":1,\"name\":\"Portada\",\"item\":\"https:\\\/\\\/www.vallformosa.com\\\/ca\\\/\"},{\"@type\":\"ListItem\",\"position\":2,\"name\":\"Col\u00b7laboraci\u00f3 especial Vallformosa&#038;Colvin per Sant Jordi!\"}]},{\"@type\":\"WebSite\",\"@id\":\"https:\\\/\\\/www.vallformosa.com\\\/ca\\\/#website\",\"url\":\"https:\\\/\\\/www.vallformosa.com\\\/ca\\\/\",\"name\":\"Vallformosa\",\"description\":\"\",\"potentialAction\":[{\"@type\":\"SearchAction\",\"target\":{\"@type\":\"EntryPoint\",\"urlTemplate\":\"https:\\\/\\\/www.vallformosa.com\\\/ca\\\/?s={search_term_string}\"},\"query-input\":{\"@type\":\"PropertyValueSpecification\",\"valueRequired\":true,\"valueName\":\"search_term_string\"}}],\"inLanguage\":\"ca\"},{\"@type\":\"Person\",\"@id\":\"https:\\\/\\\/www.vallformosa.com\\\/ca\\\/#\\\/schema\\\/person\\\/b3b6dc34bba10c4bd52ed2a9b67aaade\",\"name\":\"berta\",\"image\":{\"@type\":\"ImageObject\",\"inLanguage\":\"ca\",\"@id\":\"https:\\\/\\\/secure.gravatar.com\\\/avatar\\\/cfe4c40d22ddff8c847ff15570af5814453470753f04bf0cc55acf480d0bf5da?s=96&d=mm&r=g\",\"url\":\"https:\\\/\\\/secure.gravatar.com\\\/avatar\\\/cfe4c40d22ddff8c847ff15570af5814453470753f04bf0cc55acf480d0bf5da?s=96&d=mm&r=g\",\"contentUrl\":\"https:\\\/\\\/secure.gravatar.com\\\/avatar\\\/cfe4c40d22ddff8c847ff15570af5814453470753f04bf0cc55acf480d0bf5da?s=96&d=mm&r=g\",\"caption\":\"berta\"},\"url\":\"https:\\\/\\\/www.vallformosa.com\\\/ca\\\/author\\\/berta\\\/\"}]}<\/script>\n<!-- \/ Yoast SEO plugin. -->","yoast_head_json":{"title":"Col\u00b7laboraci\u00f3 especial Vallformosa&Colvin per Sant Jordi! - Vallformosa","robots":{"index":"index","follow":"follow","max-snippet":"max-snippet:-1","max-image-preview":"max-image-preview:large","max-video-preview":"max-video-preview:-1"},"canonical":"https:\/\/www.vallformosa.com\/ca\/actualitat\/sant-jordi-extraordinari\/","og_locale":"ca_ES","og_type":"article","og_title":"Col\u00b7laboraci\u00f3 especial Vallformosa&Colvin per Sant Jordi! - Vallformosa","og_description":"Promoci\u00f3 especial a la nostra web: per cada compra, et regalem un descompte per comprar les teves flors preferides per Sant Jordi a Colvin.","og_url":"https:\/\/www.vallformosa.com\/ca\/actualitat\/sant-jordi-extraordinari\/","og_site_name":"Vallformosa","article_published_time":"2024-04-02T15:50:44+00:00","article_modified_time":"2024-11-05T08:24:17+00:00","og_image":[{"width":1802,"height":1132,"url":"https:\/\/www.vallformosa.com\/wp-content\/uploads\/2024\/04\/pixelcut-export-8-1.jpeg","type":"image\/jpeg"}],"author":"berta","twitter_card":"summary_large_image","twitter_misc":{"Escrit per":"berta","Temps estimat de lectura":"2 minuts"},"schema":{"@context":"https:\/\/schema.org","@graph":[{"@type":"Article","@id":"https:\/\/www.vallformosa.com\/ca\/actualitat\/sant-jordi-extraordinari\/#article","isPartOf":{"@id":"https:\/\/www.vallformosa.com\/ca\/actualitat\/sant-jordi-extraordinari\/"},"author":{"name":"berta","@id":"https:\/\/www.vallformosa.com\/ca\/#\/schema\/person\/b3b6dc34bba10c4bd52ed2a9b67aaade"},"headline":"Col\u00b7laboraci\u00f3 especial Vallformosa&#038;Colvin per Sant Jordi!","datePublished":"2024-04-02T15:50:44+00:00","dateModified":"2024-11-05T08:24:17+00:00","mainEntityOfPage":{"@id":"https:\/\/www.vallformosa.com\/ca\/actualitat\/sant-jordi-extraordinari\/"},"wordCount":421,"commentCount":0,"image":{"@id":"https:\/\/www.vallformosa.com\/ca\/actualitat\/sant-jordi-extraordinari\/#primaryimage"},"thumbnailUrl":"https:\/\/www.vallformosa.com\/wp-content\/uploads\/2024\/04\/pixelcut-export-8-1.jpeg","articleSection":["Vallformosa"],"inLanguage":"ca","potentialAction":[{"@type":"CommentAction","name":"Comment","target":["https:\/\/www.vallformosa.com\/ca\/actualitat\/sant-jordi-extraordinari\/#respond"]}]},{"@type":"WebPage","@id":"https:\/\/www.vallformosa.com\/ca\/actualitat\/sant-jordi-extraordinari\/","url":"https:\/\/www.vallformosa.com\/ca\/actualitat\/sant-jordi-extraordinari\/","name":"Col\u00b7laboraci\u00f3 especial Vallformosa&Colvin per Sant Jordi! - Vallformosa","isPartOf":{"@id":"https:\/\/www.vallformosa.com\/ca\/#website"},"primaryImageOfPage":{"@id":"https:\/\/www.vallformosa.com\/ca\/actualitat\/sant-jordi-extraordinari\/#primaryimage"},"image":{"@id":"https:\/\/www.vallformosa.com\/ca\/actualitat\/sant-jordi-extraordinari\/#primaryimage"},"thumbnailUrl":"https:\/\/www.vallformosa.com\/wp-content\/uploads\/2024\/04\/pixelcut-export-8-1.jpeg","datePublished":"2024-04-02T15:50:44+00:00","dateModified":"2024-11-05T08:24:17+00:00","author":{"@id":"https:\/\/www.vallformosa.com\/ca\/#\/schema\/person\/b3b6dc34bba10c4bd52ed2a9b67aaade"},"breadcrumb":{"@id":"https:\/\/www.vallformosa.com\/ca\/actualitat\/sant-jordi-extraordinari\/#breadcrumb"},"inLanguage":"ca","potentialAction":[{"@type":"ReadAction","target":["https:\/\/www.vallformosa.com\/ca\/actualitat\/sant-jordi-extraordinari\/"]}]},{"@type":"ImageObject","inLanguage":"ca","@id":"https:\/\/www.vallformosa.com\/ca\/actualitat\/sant-jordi-extraordinari\/#primaryimage","url":"https:\/\/www.vallformosa.com\/wp-content\/uploads\/2024\/04\/pixelcut-export-8-1.jpeg","contentUrl":"https:\/\/www.vallformosa.com\/wp-content\/uploads\/2024\/04\/pixelcut-export-8-1.jpeg","width":1802,"height":1132,"caption":"Sant Jordi Vallformosa"},{"@type":"BreadcrumbList","@id":"https:\/\/www.vallformosa.com\/ca\/actualitat\/sant-jordi-extraordinari\/#breadcrumb","itemListElement":[{"@type":"ListItem","position":1,"name":"Portada","item":"https:\/\/www.vallformosa.com\/ca\/"},{"@type":"ListItem","position":2,"name":"Col\u00b7laboraci\u00f3 especial Vallformosa&#038;Colvin per Sant Jordi!"}]},{"@type":"WebSite","@id":"https:\/\/www.vallformosa.com\/ca\/#website","url":"https:\/\/www.vallformosa.com\/ca\/","name":"Vallformosa","description":"","potentialAction":[{"@type":"SearchAction","target":{"@type":"EntryPoint","urlTemplate":"https:\/\/www.vallformosa.com\/ca\/?s={search_term_string}"},"query-input":{"@type":"PropertyValueSpecification","valueRequired":true,"valueName":"search_term_string"}}],"inLanguage":"ca"},{"@type":"Person","@id":"https:\/\/www.vallformosa.com\/ca\/#\/schema\/person\/b3b6dc34bba10c4bd52ed2a9b67aaade","name":"berta","image":{"@type":"ImageObject","inLanguage":"ca","@id":"https:\/\/secure.gravatar.com\/avatar\/cfe4c40d22ddff8c847ff15570af5814453470753f04bf0cc55acf480d0bf5da?s=96&d=mm&r=g","url":"https:\/\/secure.gravatar.com\/avatar\/cfe4c40d22ddff8c847ff15570af5814453470753f04bf0cc55acf480d0bf5da?s=96&d=mm&r=g","contentUrl":"https:\/\/secure.gravatar.com\/avatar\/cfe4c40d22ddff8c847ff15570af5814453470753f04bf0cc55acf480d0bf5da?s=96&d=mm&r=g","caption":"berta"},"url":"https:\/\/www.vallformosa.com\/ca\/author\/berta\/"}]}},"_links":{"self":[{"href":"https:\/\/www.vallformosa.com\/ca\/wp-json\/wp\/v2\/posts\/2100","targetHints":{"allow":["GET"]}}],"collection":[{"href":"https:\/\/www.vallformosa.com\/ca\/wp-json\/wp\/v2\/posts"}],"about":[{"href":"https:\/\/www.vallformosa.com\/ca\/wp-json\/wp\/v2\/types\/post"}],"author":[{"embeddable":true,"href":"https:\/\/www.vallformosa.com\/ca\/wp-json\/wp\/v2\/users\/4"}],"replies":[{"embeddable":true,"href":"https:\/\/www.vallformosa.com\/ca\/wp-json\/wp\/v2\/comments?post=2100"}],"version-history":[{"count":5,"href":"https:\/\/www.vallformosa.com\/ca\/wp-json\/wp\/v2\/posts\/2100\/revisions"}],"predecessor-version":[{"id":2710,"href":"https:\/\/www.vallformosa.com\/ca\/wp-json\/wp\/v2\/posts\/2100\/revisions\/2710"}],"wp:featuredmedia":[{"embeddable":true,"href":"https:\/\/www.vallformosa.com\/ca\/wp-json\/wp\/v2\/media\/2706"}],"wp:attachment":[{"href":"https:\/\/www.vallformosa.com\/ca\/wp-json\/wp\/v2\/media?parent=2100"}],"wp:term":[{"taxonomy":"category","embeddable":true,"href":"https:\/\/www.vallformosa.com\/ca\/wp-json\/wp\/v2\/categories?post=2100"},{"taxonomy":"post_tag","embeddable":true,"href":"https:\/\/www.vallformosa.com\/ca\/wp-json\/wp\/v2\/tags?post=2100"}],"curies":[{"name":"wp","href":"https:\/\/api.w.org\/{rel}","templated":true}]}}